{"id":315,"date":"2021-01-04T10:00:00","date_gmt":"2021-01-04T12:00:00","guid":{"rendered":"https:\/\/www.lelisambiental.com.br\/blog\/?p=315"},"modified":"2021-03-05T14:04:32","modified_gmt":"2021-03-05T17:04:32","slug":"o-que-e-esocial","status":"publish","type":"post","link":"https:\/\/www.lelisambiental.com.br\/blog\/index.php\/o-que-e-esocial\/","title":{"rendered":"Voc\u00ea sabe o que \u00e9 eSocial?"},"content":{"rendered":"\t\t<div data-elementor-type=\"wp-post\" data-elementor-id=\"315\" class=\"elementor elementor-315\" data-elementor-settings=\"[]\">\n\t\t\t\t\t\t<div class=\"elementor-inner\">\n\t\t\t\t\t\t\t<div class=\"elementor-section-wrap\">\n\t\t\t\t\t\t\t<section class=\"elementor-section elementor-top-section elementor-element elementor-element-6347 elementor-section-full_width elementor-section-height-default elementor-section-height-default\" data-id=\"6347\" data-element_type=\"section\">\n\t\t\t\t\t\t<div class=\"elementor-container elementor-column-gap-no\">\n\t\t\t\t\t\t\t<div class=\"elementor-row\">\n\t\t\t\t\t<div class=\"elementor-column elementor-col-100 elementor-top-column elementor-element elementor-element-17b5\" data-id=\"17b5\" data-element_type=\"column\">\n\t\t\t<div class=\"elementor-column-wrap elementor-element-populated\">\n\t\t\t\t\t\t\t<div class=\"elementor-widget-wrap\">\n\t\t\t\t\t\t<div class=\"elementor-element elementor-element-3e21 elementor-widget elementor-widget-text-editor\" data-id=\"3e21\" data-element_type=\"widget\" data-widget_type=\"text-editor.default\">\n\t\t\t\t<div class=\"elementor-widget-container\">\n\t\t\t\t\t<div class=\"elementor-text-editor elementor-clearfix\"><p><strong>Todos sabem que as obriga\u00e7\u00f5es acess\u00f3rias consomem tempo e precisam ser informadas com toda a precis\u00e3o poss\u00edvel.<\/strong><\/p><p>Com a inten\u00e7\u00e3o de facilitar o envio dessas obriga\u00e7\u00f5es, o governo criou o eSocial, que vem para simplificar e, ao mesmo tempo, evitar certas inconsist\u00eancias quanto as informa\u00e7\u00f5es dos trabalhadores.<\/p><p>Quer saber mais sobre ele?<\/p><p>Ent\u00e3o, continue lendo que vamos contar tudo sobre o eSocial para voc\u00ea.<\/p><\/div>\n\t\t\t\t<\/div>\n\t\t\t\t<\/div>\n\t\t\t\t<div class=\"elementor-element elementor-element-6ebd elementor-hidden-phone elementor-widget elementor-widget-image\" data-id=\"6ebd\" data-element_type=\"widget\" data-widget_type=\"image.default\">\n\t\t\t\t<div class=\"elementor-widget-container\">\n\t\t\t\t\t<div class=\"elementor-image\">\n\t\t\t\t\t\t\t\t\t\t\t<a href=\"#cta\">\n\t\t\t\t\t\t\t<img width=\"650\" height=\"300\" src=\"https:\/\/www.lelisambiental.com.br\/blog\/wp-content\/uploads\/2020\/10\/cta_03.png\" class=\"attachment-full size-full\" alt=\"capacite sua equipe\" loading=\"lazy\" srcset=\"https:\/\/www.lelisambiental.com.br\/blog\/wp-content\/uploads\/2020\/10\/cta_03.png 650w, https:\/\/www.lelisambiental.com.br\/blog\/wp-content\/uploads\/2020\/10\/cta_03-300x138.png 300w\" sizes=\"(max-width: 650px) 100vw, 650px\" \/>\t\t\t\t\t\t\t\t<\/a>\n\t\t\t\t\t\t\t\t\t\t\t<\/div>\n\t\t\t\t<\/div>\n\t\t\t\t<\/div>\n\t\t\t\t<div class=\"elementor-element elementor-element-1d9e elementor-hidden-desktop elementor-hidden-tablet elementor-widget elementor-widget-image\" data-id=\"1d9e\" data-element_type=\"widget\" data-widget_type=\"image.default\">\n\t\t\t\t<div class=\"elementor-widget-container\">\n\t\t\t\t\t<div class=\"elementor-image\">\n\t\t\t\t\t\t\t\t\t\t\t<a href=\"#cta\">\n\t\t\t\t\t\t\t<img width=\"330\" height=\"340\" src=\"https:\/\/www.lelisambiental.com.br\/blog\/wp-content\/uploads\/2020\/10\/cta_mobile_03.png\" class=\"attachment-full size-full\" alt=\"capacite sua equipe\" loading=\"lazy\" srcset=\"https:\/\/www.lelisambiental.com.br\/blog\/wp-content\/uploads\/2020\/10\/cta_mobile_03.png 330w, https:\/\/www.lelisambiental.com.br\/blog\/wp-content\/uploads\/2020\/10\/cta_mobile_03-291x300.png 291w\" sizes=\"(max-width: 330px) 100vw, 330px\" \/>\t\t\t\t\t\t\t\t<\/a>\n\t\t\t\t\t\t\t\t\t\t\t<\/div>\n\t\t\t\t<\/div>\n\t\t\t\t<\/div>\n\t\t\t\t<div class=\"elementor-element elementor-element-604a elementor-widget elementor-widget-spacer\" data-id=\"604a\" data-element_type=\"widget\" data-widget_type=\"spacer.default\">\n\t\t\t\t<div class=\"elementor-widget-container\">\n\t\t\t\t\t<div class=\"elementor-spacer\">\n\t\t\t<div class=\"elementor-spacer-inner\"><\/div>\n\t\t<\/div>\n\t\t\t\t<\/div>\n\t\t\t\t<\/div>\n\t\t\t\t<div class=\"elementor-element elementor-element-360b elementor-widget elementor-widget-text-editor\" data-id=\"360b\" data-element_type=\"widget\" data-widget_type=\"text-editor.default\">\n\t\t\t\t<div class=\"elementor-widget-container\">\n\t\t\t\t\t<div class=\"elementor-text-editor elementor-clearfix\"><h2><strong>O que \u00e9 eSocial?<\/strong><\/h2><p>O eSocial (Sistema da Escritura\u00e7\u00e3o Fiscal Digital das Obriga\u00e7\u00f5es Fiscais Previdenci\u00e1rias e Trabalhistas), surgiu em 2014 e consolida o Minist\u00e9rio do Trabalho, Receita Federal, Caixa Econ\u00f4mica Federal e INSS.<\/p><p>Ele tem como objetivo unificar o envio dos dados sobre todos os trabalhadores em um site e \u00e9 um projeto do governo federal do Brasil, que faz com que seja poss\u00edvel que as empresas prestem as informa\u00e7\u00f5es uma \u00fanica vez.<\/p><p>Tudo isso para que o funcion\u00e1rio tenha mais facilidade de que todas as obriga\u00e7\u00f5es trabalhistas foram cumpridas, bem como as empresas que fazem a transmiss\u00e3o do eSocial.<\/p><h2><strong>Quer saber por que o eSocial foi criado?<\/strong><\/h2><p>Que o eSocial foi criado para simplificar as obriga\u00e7\u00f5es trabalhistas j\u00e1 sabemos. Mas quais s\u00e3o essas obriga\u00e7\u00f5es?<br \/>Nele est\u00e3o reunidos em um \u00fanico documento as seguintes obriga\u00e7\u00f5es:<br \/>\u00a0 \u00a0 \u00a0\u25cf RAIS (Rela\u00e7\u00e3o Anual de Informa\u00e7\u00f5es Sociais);<br \/>\u00a0 \u00a0 \u00a0\u25cf DIRF (Declara\u00e7\u00e3o do Imposto de Renda Retido na Fonte);<br \/>\u00a0 \u00a0 \u00a0\u25cf CAGED (Cadastro Geral de Empregados e Desempregados);<br \/>\u00a0 \u00a0 \u00a0\u25cf SEFIP (Sistema Empresa de Recolhimento do FGTS e Informa\u00e7\u00f5es \u00e0 Previd\u00eancia<br \/>Social);<br \/>\u00a0 \u00a0 \u00a0\u25cf Livro de Registro de Empregados;<br \/>\u00a0 \u00a0 \u00a0\u25cf Folha de pagamento;<br \/>\u00a0 \u00a0 \u00a0\u25cf GRF (Guia de Recolhimento do FGTS);<br \/>\u00a0 \u00a0 \u00a0\u25cf CAT (Comunica\u00e7\u00e3o de Acidente de Trabalho);<br \/>\u00a0 \u00a0 \u00a0\u25cf CD (Comunica\u00e7\u00e3o de Dispensa);<br \/>\u00a0 \u00a0 \u00a0\u25cf GPS (Guia de Previd\u00eancia Social).<br \/>Todas essas obriga\u00e7\u00f5es transmitidas em um \u00fanico local, evitam inconsist\u00eancias nos dados e informa\u00e7\u00f5es duplicadas.<\/p><h2><strong>Quais as informa\u00e7\u00f5es que devem constar no eSocial?<\/strong><\/h2><p>As informa\u00e7\u00f5es que devem constar no eSocial que as empresas precisam informar sobre os trabalhadores s\u00e3o:<br \/>\u00a0 \u00a0 \u00a0\u25cf admiss\u00e3o;<br \/>\u00a0 \u00a0 \u00a0\u25cf desligamento;<br \/>\u00a0 \u00a0 \u00a0\u25cf afastamento;<br \/>\u00a0 \u00a0 \u00a0\u25cf altera\u00e7\u00e3o de sal\u00e1rio e de jornada de trabalho;<br \/>\u00a0 \u00a0 \u00a0\u25cf folha de pagamento;<br \/>\u00a0 \u00a0 \u00a0\u25cf CAT;<br \/>\u00a0 \u00a0 \u00a0\u25cf imposto de renda retido na fonte;<br \/>\u00a0 \u00a0 \u00a0\u25cf aviso pr\u00e9vio;<br \/>\u00a0 \u00a0 \u00a0\u25cf atestado de s\u00e1ude;<br \/>\u00a0 \u00a0 \u00a0\u25cf apura\u00e7\u00e3o de d\u00e9bitos e cr\u00e9ditos tribut\u00e1rios federais.<\/p><\/div>\n\t\t\t\t<\/div>\n\t\t\t\t<\/div>\n\t\t\t\t<div class=\"elementor-element elementor-element-7871 elementor-hidden-phone elementor-widget elementor-widget-image\" data-id=\"7871\" data-element_type=\"widget\" data-widget_type=\"image.default\">\n\t\t\t\t<div class=\"elementor-widget-container\">\n\t\t\t\t\t<div class=\"elementor-image\">\n\t\t\t\t\t\t\t\t\t\t\t<a href=\"#cta\">\n\t\t\t\t\t\t\t<img width=\"650\" height=\"300\" src=\"https:\/\/www.lelisambiental.com.br\/blog\/wp-content\/uploads\/2020\/10\/cta_04.png\" class=\"attachment-full size-full\" alt=\"tenha uma equipe de alta performance\" loading=\"lazy\" srcset=\"https:\/\/www.lelisambiental.com.br\/blog\/wp-content\/uploads\/2020\/10\/cta_04.png 650w, https:\/\/www.lelisambiental.com.br\/blog\/wp-content\/uploads\/2020\/10\/cta_04-300x138.png 300w\" sizes=\"(max-width: 650px) 100vw, 650px\" \/>\t\t\t\t\t\t\t\t<\/a>\n\t\t\t\t\t\t\t\t\t\t\t<\/div>\n\t\t\t\t<\/div>\n\t\t\t\t<\/div>\n\t\t\t\t<div class=\"elementor-element elementor-element-4f75 elementor-hidden-desktop elementor-hidden-tablet elementor-widget elementor-widget-image\" data-id=\"4f75\" data-element_type=\"widget\" data-widget_type=\"image.default\">\n\t\t\t\t<div class=\"elementor-widget-container\">\n\t\t\t\t\t<div class=\"elementor-image\">\n\t\t\t\t\t\t\t\t\t\t\t<a href=\"#cta\">\n\t\t\t\t\t\t\t<img width=\"330\" height=\"340\" src=\"https:\/\/www.lelisambiental.com.br\/blog\/wp-content\/uploads\/2020\/10\/cta_mobile_04.png\" class=\"attachment-full size-full\" alt=\"tenha uma equipe de alta performance\" loading=\"lazy\" srcset=\"https:\/\/www.lelisambiental.com.br\/blog\/wp-content\/uploads\/2020\/10\/cta_mobile_04.png 330w, https:\/\/www.lelisambiental.com.br\/blog\/wp-content\/uploads\/2020\/10\/cta_mobile_04-291x300.png 291w\" sizes=\"(max-width: 330px) 100vw, 330px\" \/>\t\t\t\t\t\t\t\t<\/a>\n\t\t\t\t\t\t\t\t\t\t\t<\/div>\n\t\t\t\t<\/div>\n\t\t\t\t<\/div>\n\t\t\t\t<div class=\"elementor-element elementor-element-7435 elementor-widget elementor-widget-spacer\" data-id=\"7435\" data-element_type=\"widget\" data-widget_type=\"spacer.default\">\n\t\t\t\t<div class=\"elementor-widget-container\">\n\t\t\t\t\t<div class=\"elementor-spacer\">\n\t\t\t<div class=\"elementor-spacer-inner\"><\/div>\n\t\t<\/div>\n\t\t\t\t<\/div>\n\t\t\t\t<\/div>\n\t\t\t\t<div class=\"elementor-element elementor-element-3b3e elementor-widget elementor-widget-text-editor\" data-id=\"3b3e\" data-element_type=\"widget\" data-widget_type=\"text-editor.default\">\n\t\t\t\t<div class=\"elementor-widget-container\">\n\t\t\t\t\t<div class=\"elementor-text-editor elementor-clearfix\"><h2><strong>Quem deve aderir ao eSocial?<\/strong><\/h2><p>O eSocial deve ser usado por toda a empresa, ou pessoa f\u00edsica que contratar algum funcionario ou prestador de servi\u00e7o.<\/p><p>O cadastro deve ser feito informando os dados de identifica\u00e7\u00e3o dos funcion\u00e1rios da empresa, como CPF, CNPJ, NIS, PIS, declara\u00e7\u00e3o de imposto de renda e contrato social.<\/p><p><strong>Todos os respons\u00e1veis pela entrega do eSocial devem ficar atentos aos prazos e as informa\u00e7\u00f5es transmitidas<\/strong> para evitar inconsist\u00eancias e dor de cabe\u00e7a com certas informa\u00e7\u00f5es incorretas.<\/p><p>As declara\u00e7\u00f5es que s\u00e3o feitas do eSocial s\u00e3o chamadas de eventos, com regras espec\u00edficas e prazos para envio.<\/p><p>Os eventos s\u00e3o compostos pelos iniciais (enviados apenas uma \u00fanica vez), peri\u00f3dicos ou de tabela (com prazo de envio recorrente), e os eventos n\u00e3o peri\u00f3dicos (que podem variar de acordo com o tipo de declara\u00e7\u00e3o).<\/p><p>J\u00e1 deu para percebeu que o eSocial surgiu para facilitar a vida n\u00e3o s\u00f3 do funcion\u00e1rio, mas tamb\u00e9m do empregador.<\/p><p>Gostou do artigo? Que tal compartilhar com outras pessoas para que elas tamb\u00e9m saibam mais sobre o eSocial.<\/p><\/div>\n\t\t\t\t<\/div>\n\t\t\t\t<\/div>\n\t\t\t\t<div class=\"elementor-element elementor-element-6e36 elementor-widget elementor-widget-menu-anchor\" data-id=\"6e36\" data-element_type=\"widget\" data-widget_type=\"menu-anchor.default\">\n\t\t\t\t<div class=\"elementor-widget-container\">\n\t\t\t\t\t<div id=\"cta\" class=\"elementor-menu-anchor\"><\/div>\n\t\t\t\t<\/div>\n\t\t\t\t<\/div>\n\t\t\t\t<div class=\"elementor-element elementor-element-05f239c elementor-widget elementor-widget-heading\" data-id=\"05f239c\" data-element_type=\"widget\" data-widget_type=\"heading.default\">\n\t\t\t\t<div class=\"elementor-widget-container\">\n\t\t\t<h2 class=\"elementor-heading-title elementor-size-default\">Preencha o formul\u00e1rio e em breve entraremos em contato<\/h2>\t\t<\/div>\n\t\t\t\t<\/div>\n\t\t\t\t<div class=\"elementor-element elementor-element-542 elementor-widget elementor-widget-html\" data-id=\"542\" data-element_type=\"widget\" data-widget_type=\"html.default\">\n\t\t\t\t<div class=\"elementor-widget-container\">\n\t\t\t<style type=\"text\/css\" scoped>\r\n    @import url(https:\/\/fonts.googleapis.com\/css?family=Droid+Sans);\r\n    .mauticform_wrapper { max-width: 600px; margin: 10px auto; font-family: 'Droid Sans', 'Helvetica Neue', 'Arial', 'sans-serif' !important; color: #37302d;}\r\n    .mauticform-innerform {}\r\n    .mauticform-post-success {}\r\n    .mauticform-name { font-weight: bold; font-size: 1.5em; margin-bottom: 3px; }\r\n    .mauticform-description { margin-top: 2px; margin-bottom: 10px; }\r\n    .mauticform-error { margin-bottom: 10px; color: red; }\r\n    .mauticform-message { margin-bottom: 10px;color: green; }\r\n    .mauticform-row { display: block; margin-bottom: 20px; }\r\n    .mauticform-label { font-size: 1.1em; display: block; font-weight: bold; margin-bottom: 5px; }\r\n    .mauticform-row.mauticform-required .mauticform-label:after { color: #e32; content: \" *\"; display: inline; }\r\n    .mauticform-helpmessage { display: block; font-size: 0.9em; margin-bottom: 3px; }\r\n    .mauticform-errormsg { display: block; color: red; margin-top: 2px; }\r\n    .mauticform-selectbox, .mauticform-input, .mauticform-textarea { width: 100%; padding: 0.5em 0.5em; border: 1px solid #CCC; background: #fff; box-shadow: 0px 0px 0px #fff inset; box-sizing: border-box; }\r\n    .mauticform-checkboxgrp-row {}\r\n    .mauticform-checkboxgrp-label { font-weight: normal; }\r\n    .mauticform-checkboxgrp-checkbox {}\r\n    .mauticform-radiogrp-row {}\r\n    .mauticform-radiogrp-label { font-weight: normal; }\r\n    .mauticform-radiogrp-radio {}\r\n    .mauticform-button-wrapper .mauticform-button.btn-default { color: #fff;background-color: #4dbfbf;border-color: #4dbfbf;}\r\n    .mauticform-button-wrapper .mauticform-button { display: inline-block;margin-bottom: 0;font-weight: 600;text-align: center;vertical-align: middle;cursor: pointer;background-image: none;border: 1px solid transparent;white-space: nowrap;padding: 8px 16px;font-size: 18px;line-height: 1.3856;-webkit-user-select: none;-moz-user-select: none;-ms-user-select: none;user-select: none;}\r\n    .mauticform-button-wrapper .mauticform-button.btn-default[disabled] { background-color: #ffffff; border-color: #dddddd;}\r\n<\/style>\r\n\r\n<div id=\"mauticform_wrapper_fundodefunilctas\" class=\"mauticform_wrapper\">\r\n    <form autocomplete=\"false\" role=\"form\" method=\"post\" action=\"http:\/\/marketing.lelisambiental.com.br\/form\/submit?formId=2\" id=\"mauticform_fundodefunilctas\" data-mautic-form=\"fundodefunilctas\" enctype=\"multipart\/form-data\">\r\n        <div class=\"mauticform-error\" id=\"mauticform_fundodefunilctas_error\"><\/div>\r\n        <div class=\"mauticform-message\" id=\"mauticform_fundodefunilctas_message\"><\/div>\r\n        <div class=\"mauticform-innerform\">\r\n\r\n            \r\n          <div class=\"mauticform-page-wrapper mauticform-page-1\" data-mautic-form-page=\"1\">\r\n\r\n            <div id=\"mauticform_fundodefunilctas_nome\" data-validate=\"nome\" data-validation-type=\"text\" class=\"mauticform-row mauticform-text mauticform-field-1 mauticform-required\">\r\n                <input id=\"mauticform_input_fundodefunilctas_nome\" name=\"mauticform[nome]\" value=\"\" placeholder=\"Nome\" class=\"mauticform-input\" type=\"text\">\r\n                <span class=\"mauticform-errormsg\" style=\"display: none;\">Isso \u00e9 obrigat\u00f3rio.<\/span>\r\n            <\/div>\r\n\r\n            <div id=\"mauticform_fundodefunilctas_email\" data-validate=\"email\" data-validation-type=\"email\" class=\"mauticform-row mauticform-email mauticform-field-2 mauticform-required\">\r\n                <input id=\"mauticform_input_fundodefunilctas_email\" name=\"mauticform[email]\" value=\"\" placeholder=\"E-mail\" class=\"mauticform-input\" type=\"email\">\r\n                <span class=\"mauticform-errormsg\" style=\"display: none;\">Isso \u00e9 obrigat\u00f3rio.<\/span>\r\n            <\/div>\r\n\r\n            <div id=\"mauticform_fundodefunilctas_telefone_ou_whatsapp\" data-validate=\"telefone_ou_whatsapp\" data-validation-type=\"tel\" class=\"mauticform-row mauticform-tel mauticform-field-3 mauticform-required\">\r\n                <input id=\"mauticform_input_fundodefunilctas_telefone_ou_whatsapp\" name=\"mauticform[telefone_ou_whatsapp]\" value=\"\" placeholder=\"Telefone ou WhatsApp\" class=\"mauticform-input\" type=\"tel\">\r\n                <span class=\"mauticform-errormsg\" style=\"display: none;\">Isso \u00e9 obrigat\u00f3rio.<\/span>\r\n            <\/div>\r\n\r\n            <div id=\"mauticform_fundodefunilctas_possui_cnpj\" data-validate=\"possui_cnpj\" data-validation-type=\"select\" class=\"mauticform-row mauticform-select mauticform-field-4 mauticform-required\">\r\n                <select id=\"mauticform_input_fundodefunilctas_possui_cnpj\" name=\"mauticform[possui_cnpj]\" value=\"\" class=\"mauticform-selectbox\">\r\n                    <option value=\"\">Possui CNPJ?<\/option>                    <option value=\"Sim\">Sim<\/option>                    <option value=\"N\u00e3o\">N\u00e3o<\/option>\r\n                <\/select>\r\n                <span class=\"mauticform-errormsg\" style=\"display: none;\">Isso \u00e9 obrigat\u00f3rio.<\/span>\r\n            <\/div>\r\n\r\n            <div id=\"mauticform_fundodefunilctas_cargo\" data-validate=\"cargo\" data-validation-type=\"select\" class=\"mauticform-row mauticform-select mauticform-field-5 mauticform-required\">\r\n                <select id=\"mauticform_input_fundodefunilctas_cargo\" name=\"mauticform[cargo]\" value=\"\" class=\"mauticform-selectbox\">\r\n                    <option value=\"\">Cargo<\/option>                    <option value=\"Diretor\">Diretor<\/option>                    <option value=\"Comprador\">Comprador<\/option>                    <option value=\"Sou do RH\">Sou do RH<\/option>                    <option value=\"T\u00e9cnico de Seguran\u00e7a do Trabalho\">T\u00e9cnico de Seguran\u00e7a do Trabalho<\/option>                    <option value=\"Engenheiro ou Analista Ambiental\">Engenheiro ou Analista Ambiental<\/option>                    <option value=\"Outros\">Outros<\/option>\r\n                <\/select>\r\n                <span class=\"mauticform-errormsg\" style=\"display: none;\">Isso \u00e9 obrigat\u00f3rio.<\/span>\r\n            <\/div>\r\n\r\n            <div id=\"mauticform_fundodefunilctas_quanto_e_105\" data-validate=\"quanto_e_105\" data-validation-type=\"captcha\" class=\"mauticform-row mauticform-text mauticform-field-6 mauticform-required\">\r\n                <label id=\"mauticform_label_fundodefunilctas_quanto_e_105\" for=\"mauticform_input_fundodefunilctas_quanto_e_105\" class=\"mauticform-label\">Quanto \u00e9 10+5?<\/label>\r\n                <input id=\"mauticform_input_fundodefunilctas_quanto_e_105\" name=\"mauticform[quanto_e_105]\" value=\"\" placeholder=\"Quanto \u00e9 10+5?\" class=\"mauticform-input\" type=\"text\">\r\n                <span class=\"mauticform-errormsg\" style=\"display: none;\">Isso \u00e9 obrigat\u00f3rio.<\/span>\r\n            <\/div>\r\n\r\n            <div id=\"mauticform_fundodefunilctas_falar_com_a_lelis\" class=\"mauticform-row mauticform-button-wrapper mauticform-field-7\">\r\n                <button type=\"submit\" name=\"mauticform[falar_com_a_lelis]\" id=\"mauticform_input_fundodefunilctas_falar_com_a_lelis\" value=\"\" style=\"background:#ff6600 !important; border-color:#ff6600 !important; margin-left:195px !important;\" class=\"mauticform-button\">FALAR COM A LELIS<\/button>\r\n            <\/div>\r\n            <\/div>\r\n        <\/div>\r\n\r\n        <input type=\"hidden\" name=\"mauticform[formId]\" id=\"mauticform_fundodefunilctas_id\" value=\"2\">\r\n        <input type=\"hidden\" name=\"mauticform[return]\" id=\"mauticform_fundodefunilctas_return\" value=\"\">\r\n        <input type=\"hidden\" name=\"mauticform[formName]\" id=\"mauticform_fundodefunilctas_name\" value=\"fundodefunilctas\">\r\n\r\n        <\/form>\r\n<\/div>\r\n\t\t<\/div>\n\t\t\t\t<\/div>\n\t\t\t\t\t\t<\/div>\n\t\t\t\t\t<\/div>\n\t\t<\/div>\n\t\t\t\t\t\t\t\t<\/div>\n\t\t\t\t\t<\/div>\n\t\t<\/section>\n\t\t\t\t\t\t<\/div>\n\t\t\t\t\t\t<\/div>\n\t\t\t\t\t<\/div>\n\t\t","protected":false},"excerpt":{"rendered":"<p>Todos sabem que as obriga\u00e7\u00f5es acess\u00f3rias consomem tempo e precisam ser informadas com toda a precis\u00e3o poss\u00edvel. Com a inten\u00e7\u00e3o &#8230; <a title=\"Voc\u00ea sabe o que \u00e9 eSocial?\" class=\"read-more\" href=\"https:\/\/www.lelisambiental.com.br\/blog\/index.php\/o-que-e-esocial\/\">Leia mais<\/a><\/p>\n","protected":false},"author":1,"featured_media":328,"comment_status":"open","ping_status":"open","sticky":false,"template":"","format":"standard","meta":[],"categories":[7],"tags":[6],"yoast_head":"<!-- This site is optimized with the Yoast SEO plugin v15.9.1 - https:\/\/yoast.com\/wordpress\/plugins\/seo\/ -->\r\n<title>Voc\u00ea sabe o que \u00e9 eSocial? - Lelis Ambiental<\/title>\r\n<meta name=\"description\" content=\"O que \u00e9 eSocial? Conhe\u00e7a o sistema criado pelo governo e como ele pode te ajudar\" \/>\r\n<meta name=\"robots\" content=\"index, follow, max-snippet:-1, max-image-preview:large, max-video-preview:-1\" \/>\r\n<link rel=\"canonical\" href=\"https:\/\/www.lelisambiental.com.br\/blog\/index.php\/o-que-e-esocial\/\" \/>\r\n<meta property=\"og:locale\" content=\"pt_BR\" \/>\r\n<meta property=\"og:type\" content=\"article\" \/>\r\n<meta property=\"og:title\" content=\"Voc\u00ea sabe o que \u00e9 eSocial? - Lelis Ambiental\" \/>\r\n<meta property=\"og:description\" content=\"O que \u00e9 eSocial? Conhe\u00e7a o sistema criado pelo governo e como ele pode te ajudar\" \/>\r\n<meta property=\"og:url\" content=\"https:\/\/www.lelisambiental.com.br\/blog\/index.php\/o-que-e-esocial\/\" \/>\r\n<meta property=\"og:site_name\" content=\"Lelis Ambiental\" \/>\r\n<meta property=\"article:published_time\" content=\"2021-01-04T12:00:00+00:00\" \/>\r\n<meta property=\"article:modified_time\" content=\"2021-03-05T17:04:32+00:00\" \/>\r\n<meta property=\"og:image\" content=\"https:\/\/www.lelisambiental.com.br\/blog\/wp-content\/uploads\/2021\/01\/AdobeStock_236629968-scaled.jpeg\" \/>\r\n\t<meta property=\"og:image:width\" content=\"2560\" \/>\r\n\t<meta property=\"og:image:height\" content=\"1709\" \/>\r\n<meta name=\"twitter:card\" content=\"summary_large_image\" \/>\r\n<meta name=\"twitter:label1\" content=\"Est. reading time\">\n\t<meta name=\"twitter:data1\" content=\"5 minutos\">\r\n<script type=\"application\/ld+json\" class=\"yoast-schema-graph\">{\"@context\":\"https:\/\/schema.org\",\"@graph\":[{\"@type\":\"WebSite\",\"@id\":\"https:\/\/www.lelisambiental.com.br\/blog\/#website\",\"url\":\"https:\/\/www.lelisambiental.com.br\/blog\/\",\"name\":\"Lelis Ambiental\",\"description\":\"Consultoria e Treinamentos\",\"potentialAction\":[{\"@type\":\"SearchAction\",\"target\":\"https:\/\/www.lelisambiental.com.br\/blog\/?s={search_term_string}\",\"query-input\":\"required name=search_term_string\"}],\"inLanguage\":\"pt-BR\"},{\"@type\":\"ImageObject\",\"@id\":\"https:\/\/www.lelisambiental.com.br\/blog\/index.php\/o-que-e-esocial\/#primaryimage\",\"inLanguage\":\"pt-BR\",\"url\":\"https:\/\/www.lelisambiental.com.br\/blog\/wp-content\/uploads\/2021\/01\/AdobeStock_236629968-scaled.jpeg\",\"width\":2560,\"height\":1709,\"caption\":\"Casual business man hand, hipster, freelance browsing internet, typing on keyboard, busy working on laptop computer, online working concept, close up, backlit, dark tone\"},{\"@type\":\"WebPage\",\"@id\":\"https:\/\/www.lelisambiental.com.br\/blog\/index.php\/o-que-e-esocial\/#webpage\",\"url\":\"https:\/\/www.lelisambiental.com.br\/blog\/index.php\/o-que-e-esocial\/\",\"name\":\"Voc\\u00ea sabe o que \\u00e9 eSocial? - Lelis Ambiental\",\"isPartOf\":{\"@id\":\"https:\/\/www.lelisambiental.com.br\/blog\/#website\"},\"primaryImageOfPage\":{\"@id\":\"https:\/\/www.lelisambiental.com.br\/blog\/index.php\/o-que-e-esocial\/#primaryimage\"},\"datePublished\":\"2021-01-04T12:00:00+00:00\",\"dateModified\":\"2021-03-05T17:04:32+00:00\",\"author\":{\"@id\":\"https:\/\/www.lelisambiental.com.br\/blog\/#\/schema\/person\/c3596dfe1b4055b9faed55c4b1bd92c5\"},\"description\":\"O que \\u00e9 eSocial? Conhe\\u00e7a o sistema criado pelo governo e como ele pode te ajudar\",\"breadcrumb\":{\"@id\":\"https:\/\/www.lelisambiental.com.br\/blog\/index.php\/o-que-e-esocial\/#breadcrumb\"},\"inLanguage\":\"pt-BR\",\"potentialAction\":[{\"@type\":\"ReadAction\",\"target\":[\"https:\/\/www.lelisambiental.com.br\/blog\/index.php\/o-que-e-esocial\/\"]}]},{\"@type\":\"BreadcrumbList\",\"@id\":\"https:\/\/www.lelisambiental.com.br\/blog\/index.php\/o-que-e-esocial\/#breadcrumb\",\"itemListElement\":[{\"@type\":\"ListItem\",\"position\":1,\"item\":{\"@type\":\"WebPage\",\"@id\":\"https:\/\/www.lelisambiental.com.br\/blog\/\",\"url\":\"https:\/\/www.lelisambiental.com.br\/blog\/\",\"name\":\"In\\u00edcio\"}},{\"@type\":\"ListItem\",\"position\":2,\"item\":{\"@type\":\"WebPage\",\"@id\":\"https:\/\/www.lelisambiental.com.br\/blog\/index.php\/o-que-e-esocial\/\",\"url\":\"https:\/\/www.lelisambiental.com.br\/blog\/index.php\/o-que-e-esocial\/\",\"name\":\"Voc\\u00ea sabe o que \\u00e9 eSocial?\"}}]},{\"@type\":\"Person\",\"@id\":\"https:\/\/www.lelisambiental.com.br\/blog\/#\/schema\/person\/c3596dfe1b4055b9faed55c4b1bd92c5\",\"name\":\"Lelis Ambiental\",\"image\":{\"@type\":\"ImageObject\",\"@id\":\"https:\/\/www.lelisambiental.com.br\/blog\/#personlogo\",\"inLanguage\":\"pt-BR\",\"url\":\"https:\/\/secure.gravatar.com\/avatar\/94ac61938e4623d25801c2f668ddf3d6?s=96&d=mm&r=g\",\"caption\":\"Lelis Ambiental\"},\"sameAs\":[\"http:\/\/lelisambiental.com.br\/blog\"]}]}<\/script>\r\n<!-- \/ Yoast SEO plugin. -->","amp_validity":null,"amp_enabled":true,"_links":{"self":[{"href":"https:\/\/www.lelisambiental.com.br\/blog\/index.php\/wp-json\/wp\/v2\/posts\/315"}],"collection":[{"href":"https:\/\/www.lelisambiental.com.br\/blog\/index.php\/wp-json\/wp\/v2\/posts"}],"about":[{"href":"https:\/\/www.lelisambiental.com.br\/blog\/index.php\/wp-json\/wp\/v2\/types\/post"}],"author":[{"embeddable":true,"href":"https:\/\/www.lelisambiental.com.br\/blog\/index.php\/wp-json\/wp\/v2\/users\/1"}],"replies":[{"embeddable":true,"href":"https:\/\/www.lelisambiental.com.br\/blog\/index.php\/wp-json\/wp\/v2\/comments?post=315"}],"version-history":[{"count":10,"href":"https:\/\/www.lelisambiental.com.br\/blog\/index.php\/wp-json\/wp\/v2\/posts\/315\/revisions"}],"predecessor-version":[{"id":400,"href":"https:\/\/www.lelisambiental.com.br\/blog\/index.php\/wp-json\/wp\/v2\/posts\/315\/revisions\/400"}],"wp:featuredmedia":[{"embeddable":true,"href":"https:\/\/www.lelisambiental.com.br\/blog\/index.php\/wp-json\/wp\/v2\/media\/328"}],"wp:attachment":[{"href":"https:\/\/www.lelisambiental.com.br\/blog\/index.php\/wp-json\/wp\/v2\/media?parent=315"}],"wp:term":[{"taxonomy":"category","embeddable":true,"href":"https:\/\/www.lelisambiental.com.br\/blog\/index.php\/wp-json\/wp\/v2\/categories?post=315"},{"taxonomy":"post_tag","embeddable":true,"href":"https:\/\/www.lelisambiental.com.br\/blog\/index.php\/wp-json\/wp\/v2\/tags?post=315"}],"curies":[{"name":"wp","href":"https:\/\/api.w.org\/{rel}","templated":true}]}}