{"id":134,"date":"2020-10-16T15:24:00","date_gmt":"2020-10-16T18:24:00","guid":{"rendered":"http:\/\/lelisambiental.com.br\/blog\/?p=134"},"modified":"2020-12-01T16:36:07","modified_gmt":"2020-12-01T18:36:07","slug":"alvara-de-funcionamento","status":"publish","type":"post","link":"https:\/\/www.lelisambiental.com.br\/blog\/index.php\/alvara-de-funcionamento\/","title":{"rendered":"Alvar\u00e1 de Funcionamento: tudo o que \u00e9 necess\u00e1rio saber"},"content":{"rendered":"\t\t<div data-elementor-type=\"wp-post\" data-elementor-id=\"134\" class=\"elementor elementor-134\" data-elementor-settings=\"[]\">\n\t\t\t\t\t\t<div class=\"elementor-inner\">\n\t\t\t\t\t\t\t<div class=\"elementor-section-wrap\">\n\t\t\t\t\t\t\t<section class=\"elementor-section elementor-top-section elementor-element elementor-element-4e7c elementor-section-full_width elementor-section-height-default elementor-section-height-default\" data-id=\"4e7c\" data-element_type=\"section\">\n\t\t\t\t\t\t<div class=\"elementor-container elementor-column-gap-no\">\n\t\t\t\t\t\t\t<div class=\"elementor-row\">\n\t\t\t\t\t<div class=\"elementor-column elementor-col-100 elementor-top-column elementor-element elementor-element-4f27\" data-id=\"4f27\" data-element_type=\"column\">\n\t\t\t<div class=\"elementor-column-wrap elementor-element-populated\">\n\t\t\t\t\t\t\t<div class=\"elementor-widget-wrap\">\n\t\t\t\t\t\t<div class=\"elementor-element elementor-element-5097 elementor-widget elementor-widget-text-editor\" data-id=\"5097\" data-element_type=\"widget\" data-widget_type=\"text-editor.default\">\n\t\t\t\t<div class=\"elementor-widget-container\">\n\t\t\t\t\t<div class=\"elementor-text-editor elementor-clearfix\"><p><b>Alvar\u00e1 de Funcionamento \u00e9 um documento obrigat\u00f3rio para todo o tipo de empresa, seja ela iniciante ou mesmo que j\u00e1 se encontre estabelecida. Saiba tudo a esse respeito com o post a seguir.<\/b><\/p><p><span style=\"font-weight: 400;\">Para quem est\u00e1 abrindo o seu pr\u00f3prio neg\u00f3cio, \u00e9 comum o surgimento de d\u00favidas quanto a emiss\u00e3o do alvar\u00e1 de licen\u00e7a e de funcionamento, entretanto, uma empresa especializada como a Lelis Ambiental pode facilitar este processo.<\/span><\/p><\/div>\n\t\t\t\t<\/div>\n\t\t\t\t<\/div>\n\t\t\t\t<div class=\"elementor-element elementor-element-7b91 elementor-hidden-phone elementor-widget elementor-widget-image\" data-id=\"7b91\" data-element_type=\"widget\" data-widget_type=\"image.default\">\n\t\t\t\t<div class=\"elementor-widget-container\">\n\t\t\t\t\t<div class=\"elementor-image\">\n\t\t\t\t\t\t\t\t\t\t\t<a href=\"#consultorias\">\n\t\t\t\t\t\t\t<img width=\"650\" height=\"300\" src=\"https:\/\/www.lelisambiental.com.br\/blog\/wp-content\/uploads\/2020\/10\/cta_02.png\" class=\"attachment-full size-full\" alt=\"aprimore os processos da sua empresa\" loading=\"lazy\" srcset=\"https:\/\/www.lelisambiental.com.br\/blog\/wp-content\/uploads\/2020\/10\/cta_02.png 650w, https:\/\/www.lelisambiental.com.br\/blog\/wp-content\/uploads\/2020\/10\/cta_02-300x138.png 300w\" sizes=\"(max-width: 650px) 100vw, 650px\" \/>\t\t\t\t\t\t\t\t<\/a>\n\t\t\t\t\t\t\t\t\t\t\t<\/div>\n\t\t\t\t<\/div>\n\t\t\t\t<\/div>\n\t\t\t\t<div class=\"elementor-element elementor-element-5b42 elementor-hidden-desktop elementor-hidden-tablet elementor-widget elementor-widget-image\" data-id=\"5b42\" data-element_type=\"widget\" data-widget_type=\"image.default\">\n\t\t\t\t<div class=\"elementor-widget-container\">\n\t\t\t\t\t<div class=\"elementor-image\">\n\t\t\t\t\t\t\t\t\t\t\t<a href=\"#consultorias\">\n\t\t\t\t\t\t\t<img width=\"330\" height=\"340\" src=\"https:\/\/www.lelisambiental.com.br\/blog\/wp-content\/uploads\/2020\/10\/cta_mobile_02.png\" class=\"attachment-full size-full\" alt=\"aprimore os processos da sua empresa\" loading=\"lazy\" srcset=\"https:\/\/www.lelisambiental.com.br\/blog\/wp-content\/uploads\/2020\/10\/cta_mobile_02.png 330w, https:\/\/www.lelisambiental.com.br\/blog\/wp-content\/uploads\/2020\/10\/cta_mobile_02-291x300.png 291w\" sizes=\"(max-width: 330px) 100vw, 330px\" \/>\t\t\t\t\t\t\t\t<\/a>\n\t\t\t\t\t\t\t\t\t\t\t<\/div>\n\t\t\t\t<\/div>\n\t\t\t\t<\/div>\n\t\t\t\t<div class=\"elementor-element elementor-element-68bd elementor-widget elementor-widget-spacer\" data-id=\"68bd\" data-element_type=\"widget\" data-widget_type=\"spacer.default\">\n\t\t\t\t<div class=\"elementor-widget-container\">\n\t\t\t\t\t<div class=\"elementor-spacer\">\n\t\t\t<div class=\"elementor-spacer-inner\"><\/div>\n\t\t<\/div>\n\t\t\t\t<\/div>\n\t\t\t\t<\/div>\n\t\t\t\t<div class=\"elementor-element elementor-element-f56 elementor-widget elementor-widget-text-editor\" data-id=\"f56\" data-element_type=\"widget\" data-widget_type=\"text-editor.default\">\n\t\t\t\t<div class=\"elementor-widget-container\">\n\t\t\t\t\t<div class=\"elementor-text-editor elementor-clearfix\"><p><span style=\"font-weight: 400;\">Isso porque, o este tipo de Alvar\u00e1 \u00e9 emitido quando a empresa se encontra em seu princ\u00edpio, pois por meio dele se tem a permiss\u00e3o e a legaliza\u00e7\u00e3o para que as opera\u00e7\u00f5es sejam realizadas sem transtornos com \u00f3rg\u00e3os p\u00fablicos.<\/span><\/p><p><span style=\"font-weight: 400;\">Por essa raz\u00e3o, a Lelis Ambiental preparou um conte\u00fado especial para que voc\u00ea tire todas as suas d\u00favidas com rela\u00e7\u00e3o a este tema e n\u00e3o tenha nenhum problema para atuar de forma legalizada. Veja o passo a passo:<\/span><\/p><ul><li style=\"font-weight: 400;\"><span style=\"font-weight: 400;\">Conceito de Alvar\u00e1 de Funcionamento e seus desdobramentos<\/span><\/li><li style=\"font-weight: 400;\"><span style=\"font-weight: 400;\">Alvar\u00e1 de Funcionamento de uma empresa: especifica\u00e7\u00f5es t\u00e9cnicas<\/span><\/li><li style=\"font-weight: 400;\"><span style=\"font-weight: 400;\">Em qual ocasi\u00e3o se aplica o Alvar\u00e1 de Licen\u00e7a e Funcionamento Provis\u00f3rio<\/span><\/li><li style=\"font-weight: 400;\"><span style=\"font-weight: 400;\">Renova\u00e7\u00e3o Alvar\u00e1 de Funcionamento e Auto de Licen\u00e7a de Funcionamento<\/span><\/li><li style=\"font-weight: 400;\"><span style=\"font-weight: 400;\">Lelis Ambiental: tudo sobre o Alvar\u00e1 e o licenciamento de sua empresa<\/span><\/li><\/ul><h2><span style=\"font-weight: 400;\">Conceito de Alvar\u00e1 de Funcionamento e seus desdobramentos<\/span><\/h2><p><span style=\"font-weight: 400;\">Basicamente, alvar\u00e1 de licen\u00e7a e funcionamento \u00e9 o documento respons\u00e1vel por autorizar o funcionamento de uma determinada empresa, a fim de que ela possa executar as suas atividades de modo legal.<\/span><\/p><p><span style=\"font-weight: 400;\">Dessa maneira, empresas dos mais diversificados segmentos, seja ele comercial, industrial ou mesmo uma presta\u00e7\u00e3o de servi\u00e7os t\u00eam a necessidade de dispor do Alvar\u00e1 de Funcionamento.<\/span><\/p><p><span style=\"font-weight: 400;\">Trata-se de um tipo de documento emitido usualmente pela Prefeitura, mas que por vezes pode ser concedido por um outro \u00f3rg\u00e3o governamental com inst\u00e2ncia municipal.<\/span><\/p><p><span style=\"font-weight: 400;\">Em linhas gerais, o este Alvar\u00e1 assegura o direito de uma determinada empresa a realizar atividades espec\u00edficas em locais apropriados, garantindo que o espa\u00e7o esteja em adequa\u00e7\u00e3o com as normas vigentes.<\/span><\/p><p><span style=\"font-weight: 400;\">Por ser um documento t\u00e3o importante para o futuro da empresa e o seu \u00eaxito, \u00e9 indispens\u00e1vel que o empres\u00e1rio se atente \u00e0s suas exig\u00eancias enquanto ainda est\u00e1 na fase de planejamento da abertura do neg\u00f3cio.<\/span><\/p><h2><span style=\"font-weight: 400;\">Alvar\u00e1 de Funcionamento de uma empresa: especifica\u00e7\u00f5es t\u00e9cnicas<\/span><\/h2><p><span style=\"font-weight: 400;\">Um dos primeiros passos de quem quer iniciar um novo neg\u00f3cio \u00e9 conferir se o im\u00f3vel comprado ou alugado est\u00e1 situado em um local com permiss\u00e3o para que a empresa possa exercer ali as suas atividades.<\/span><\/p><p><span style=\"font-weight: 400;\">Desse modo, caso a empresa seja aberta na sua pr\u00f3pria resid\u00eancia, por exemplo, n\u00e3o pode haver nenhuma esp\u00e9cie de armazenamento e nem mesmo carga e descarga de mercadorias, bem como alto tr\u00e1fego de pessoas no ambiente.<\/span><\/p><p><span style=\"font-weight: 400;\">Al\u00e9m disso, o Alvar\u00e1 de Funcionamento \u00e9 uma exig\u00eancia para qualquer tipo de neg\u00f3cio que tenha a sua abertura para circula\u00e7\u00e3o de p\u00fablico precisa possuir este documento.<\/span><\/p><p><span style=\"font-weight: 400;\">Ainda, essa modalidade de alvar\u00e1 \u00e9 uma obriga\u00e7\u00e3o de empresas que v\u00e3o desde restaurantes e farm\u00e1cias a est\u00e1dios de futebol e mec\u00e2nicas, raz\u00e3o pela qual \u00e9 fundamental conhecer o seu conte\u00fado t\u00e9cnico mais de perto.<\/span><\/p><h2><span style=\"font-weight: 400;\">Em qual ocasi\u00e3o se aplica o Alvar\u00e1 de Licen\u00e7a e Funcionamento Provis\u00f3rio<\/span><\/h2><p><span style=\"font-weight: 400;\">Este tipo de alvar\u00e1 \u00e9 pr\u00f3prio para empresas que se enquadram na modalidade MEI (Microempreendedor Individual), pois o endere\u00e7o inicialmente cadastrado pode sofrer fiscaliza\u00e7\u00e3o.<\/span><\/p><p><span style=\"font-weight: 400;\">Isso se deve ao fato de que, a Prefeitura Municipal estipula o prazo de 180 dias para se manifestar com rela\u00e7\u00e3o a adequa\u00e7\u00e3o do endere\u00e7o registrado pelo MEI, atestando ou n\u00e3o a possibilidade de executar atividades naquele ambiente.<\/span><\/p><p><span style=\"font-weight: 400;\">Ap\u00f3s 180 dias, o alvar\u00e1 provis\u00f3rio se converte de forma autom\u00e1tica em definitivo e o microempreendedor individual pode exercer as suas pr\u00e1ticas tranquilamente.<\/span><\/p><p><span style=\"font-weight: 400;\">Por\u00e9m, caso antes dos 180 dias uma fiscaliza\u00e7\u00e3o ocorrer e reprovar o endere\u00e7o cadastrado, a op\u00e7\u00e3o mais prudente \u00e9 contatar uma empresa especializada, tal qual a Lelis Ambiental.<\/span><\/p><p><span style=\"font-weight: 400;\">Tamb\u00e9m, essa modalidade de alvar\u00e1 se aplica a empresas que passaram por uma avalia\u00e7\u00e3o inicial para depois receber o documento definitivo.<\/span><\/p><p><span style=\"font-weight: 400;\">Cabe salientar que nem todos os munic\u00edpios oferecem Alvar\u00e1 provis\u00f3rio.<\/span><\/p><\/div>\n\t\t\t\t<\/div>\n\t\t\t\t<\/div>\n\t\t\t\t<div class=\"elementor-element elementor-element-7064 elementor-hidden-phone elementor-widget elementor-widget-image\" data-id=\"7064\" data-element_type=\"widget\" data-widget_type=\"image.default\">\n\t\t\t\t<div class=\"elementor-widget-container\">\n\t\t\t\t\t<div class=\"elementor-image\">\n\t\t\t\t\t\t\t\t\t\t\t<a href=\"#regularize-sua-empresa\">\n\t\t\t\t\t\t\t<img width=\"650\" height=\"300\" src=\"https:\/\/www.lelisambiental.com.br\/blog\/wp-content\/uploads\/2020\/10\/cta_01.png\" class=\"attachment-full size-full\" alt=\"sua empresa regularizada junto aos \u00f3rg\u00e3os p\u00fablicos\" loading=\"lazy\" srcset=\"https:\/\/www.lelisambiental.com.br\/blog\/wp-content\/uploads\/2020\/10\/cta_01.png 650w, https:\/\/www.lelisambiental.com.br\/blog\/wp-content\/uploads\/2020\/10\/cta_01-300x138.png 300w\" sizes=\"(max-width: 650px) 100vw, 650px\" \/>\t\t\t\t\t\t\t\t<\/a>\n\t\t\t\t\t\t\t\t\t\t\t<\/div>\n\t\t\t\t<\/div>\n\t\t\t\t<\/div>\n\t\t\t\t<div class=\"elementor-element elementor-element-48df elementor-hidden-desktop elementor-hidden-tablet elementor-widget elementor-widget-image\" data-id=\"48df\" data-element_type=\"widget\" data-widget_type=\"image.default\">\n\t\t\t\t<div class=\"elementor-widget-container\">\n\t\t\t\t\t<div class=\"elementor-image\">\n\t\t\t\t\t\t\t\t\t\t\t<a href=\"#regularize-sua-empresa\">\n\t\t\t\t\t\t\t<img width=\"330\" height=\"340\" src=\"https:\/\/www.lelisambiental.com.br\/blog\/wp-content\/uploads\/2020\/10\/cta_mobile_01.png\" class=\"attachment-full size-full\" alt=\"sua empresa regularizada junto aos \u00f3rg\u00e3os p\u00fablicos\" loading=\"lazy\" srcset=\"https:\/\/www.lelisambiental.com.br\/blog\/wp-content\/uploads\/2020\/10\/cta_mobile_01.png 330w, https:\/\/www.lelisambiental.com.br\/blog\/wp-content\/uploads\/2020\/10\/cta_mobile_01-291x300.png 291w\" sizes=\"(max-width: 330px) 100vw, 330px\" \/>\t\t\t\t\t\t\t\t<\/a>\n\t\t\t\t\t\t\t\t\t\t\t<\/div>\n\t\t\t\t<\/div>\n\t\t\t\t<\/div>\n\t\t\t\t<div class=\"elementor-element elementor-element-1dec elementor-widget elementor-widget-spacer\" data-id=\"1dec\" data-element_type=\"widget\" data-widget_type=\"spacer.default\">\n\t\t\t\t<div class=\"elementor-widget-container\">\n\t\t\t\t\t<div class=\"elementor-spacer\">\n\t\t\t<div class=\"elementor-spacer-inner\"><\/div>\n\t\t<\/div>\n\t\t\t\t<\/div>\n\t\t\t\t<\/div>\n\t\t\t\t<div class=\"elementor-element elementor-element-4ef7 elementor-widget elementor-widget-text-editor\" data-id=\"4ef7\" data-element_type=\"widget\" data-widget_type=\"text-editor.default\">\n\t\t\t\t<div class=\"elementor-widget-container\">\n\t\t\t\t\t<div class=\"elementor-text-editor elementor-clearfix\"><h2><span style=\"font-weight: 400;\">Renova\u00e7\u00e3o Alvar\u00e1 de Funcionamento e Auto de Licen\u00e7a de Funcionamento<\/span><\/h2><p><span style=\"font-weight: 400;\">Para voc\u00ea que tem d\u00favidas sobre quando renovar o seu Alvar\u00e1, preparamos uma listagem que pode ajud\u00e1-lo a lidar com este procedimento, bem como esclarecer detalhes espec\u00edficos. Vamos l\u00e1:<\/span><\/p><ol><li style=\"font-weight: 400;\"><span style=\"font-weight: 400;\">Neg\u00f3cios considerados de alto risco t\u00eam de passar por este processo com certa regularidade;<\/span><\/li><li style=\"font-weight: 400;\"><span style=\"font-weight: 400;\">Quando um ponto \u00e9 alugado e passa por mudan\u00e7as, a fim de que o Alvar\u00e1 esteja de acordo com o novo neg\u00f3cio e n\u00e3o mais com o antigo;<\/span><\/li><li style=\"font-weight: 400;\"><span style=\"font-weight: 400;\">Caso haja perda do documento do Alvar\u00e1 a sua renova\u00e7\u00e3o pode ser uma sa\u00edda;<\/span><\/li><li style=\"font-weight: 400;\"><span style=\"font-weight: 400;\">Quando um determinado im\u00f3vel \u00e9 reformado ao ponto de modificar a planta;<\/span><\/li><li style=\"font-weight: 400;\"><span style=\"font-weight: 400;\">Todos os estabelecimentos comerciais, industriais ou prestadores de servi\u00e7o necessitam de um Alvar\u00e1;<\/span><\/li><li style=\"font-weight: 400;\"><span style=\"font-weight: 400;\">Entre outras situa\u00e7\u00f5es espec\u00edficas.<\/span><\/li><\/ol><p><span style=\"font-weight: 400;\">Dessa forma, a renova\u00e7\u00e3o Alvar\u00e1 de Funcionamento \u00e9 igualmente obrigat\u00f3ria e cada neg\u00f3cio tem a sua especificidade, por isso, contar com os servi\u00e7os de uma empresa que domine o assunto, como a Lelis Ambiental \u00e9 uma boa op\u00e7\u00e3o.<\/span><\/p><p><span style=\"font-weight: 400;\">J\u00e1 o Auto de Licen\u00e7a de Funcionamento (ALF) \u00e9 uma exig\u00eancia para im\u00f3veis que n\u00e3o seja residencial e que disponham de pr\u00e1ticas de servi\u00e7os, industriais e comerciais.<\/span><\/p><h2><span style=\"font-weight: 400;\">Lelis Ambiental: tudo sobre o Alvar\u00e1 e o licenciamento de sua empresa<\/span><\/h2><p><span style=\"font-weight: 400;\">Assegurando garantia contratual de todos os servi\u00e7os prestados, a Lelis Ambiental oferece diferenciais expressivos aos seus clientes, atuando de forma totalmente personalizada, de acordo com as demandas apresentadas.<\/span><\/p><p><span style=\"font-weight: 400;\">Outro aspecto que cabe frisar, \u00e9 o fato de que a empresa oferece \u00f3tima rela\u00e7\u00e3o entre o custo e o benef\u00edcio, praticando pre\u00e7os justos e adaptando o pagamento de acordo com as necessidades de cada um de seus clientes.<\/span><\/p><p><span style=\"font-weight: 400;\">A Lelis Ambiental tem o seu foco de atendimento voltado para todos os estados do territ\u00f3rio nacional, atuando por meio de equipe profissional altamente capacitada, apta a exercer as suas atividades com a destreza necess\u00e1ria.<\/span><\/p><p><span style=\"font-weight: 400;\">Para voc\u00ea que est\u00e1 em busca de regularizar a sua empresa e se encaixa em algum dos perfis relacionados neste post, a Lelis Ambiental pode facilitar a sua vida e promover a seguran\u00e7a que o seu neg\u00f3cio necessita para ser gerido tranquilamente.<\/span><\/p><p><span style=\"font-weight: 400;\">Com atendimento exclusivo para pessoas jur\u00eddicas que buscam realizar a adequa\u00e7\u00e3o de suas atividades ou mesmo empreendimentos diversificados, oferecendo desde pequenos trabalhos at\u00e9 infraestruturas mais elevadas.<\/span><\/p><p><span style=\"font-weight: 400;\">Quer regularizar a sua empresa para poder focar nas estrat\u00e9gias de suas atividades principais? Entre em contato com a Lelis Ambiental e desfrute da tranquilidade que merece.<\/span><\/p><\/div>\n\t\t\t\t<\/div>\n\t\t\t\t<\/div>\n\t\t\t\t<div class=\"elementor-element elementor-element-a97bc02 elementor-widget elementor-widget-heading\" data-id=\"a97bc02\" data-element_type=\"widget\" data-widget_type=\"heading.default\">\n\t\t\t\t<div class=\"elementor-widget-container\">\n\t\t\t<h2 class=\"elementor-heading-title elementor-size-default\">Preencha o formul\u00e1rio e em breve entraremos em contato<\/h2>\t\t<\/div>\n\t\t\t\t<\/div>\n\t\t\t\t<div class=\"elementor-element elementor-element-dc936dd elementor-widget elementor-widget-menu-anchor\" data-id=\"dc936dd\" data-element_type=\"widget\" data-widget_type=\"menu-anchor.default\">\n\t\t\t\t<div class=\"elementor-widget-container\">\n\t\t\t\t\t<div id=\"regularize-sua-empresa\" class=\"elementor-menu-anchor\"><\/div>\n\t\t\t\t<\/div>\n\t\t\t\t<\/div>\n\t\t\t\t<div class=\"elementor-element elementor-element-82e elementor-widget elementor-widget-menu-anchor\" data-id=\"82e\" data-element_type=\"widget\" data-widget_type=\"menu-anchor.default\">\n\t\t\t\t<div class=\"elementor-widget-container\">\n\t\t\t\t\t<div id=\"consultorias\" class=\"elementor-menu-anchor\"><\/div>\n\t\t\t\t<\/div>\n\t\t\t\t<\/div>\n\t\t\t\t<div class=\"elementor-element elementor-element-20b0 elementor-widget elementor-widget-html\" data-id=\"20b0\" data-element_type=\"widget\" data-widget_type=\"html.default\">\n\t\t\t\t<div class=\"elementor-widget-container\">\n\t\t\t<style type=\"text\/css\" scoped>\r\n    @import url(https:\/\/fonts.googleapis.com\/css?family=Droid+Sans);\r\n    .mauticform_wrapper { max-width: 600px; margin: 10px auto; font-family: 'Droid Sans', 'Helvetica Neue', 'Arial', 'sans-serif' !important; color: #37302d;}\r\n    .mauticform-innerform {}\r\n    .mauticform-post-success {}\r\n    .mauticform-name { font-weight: bold; font-size: 1.5em; margin-bottom: 3px; }\r\n    .mauticform-description { margin-top: 2px; margin-bottom: 10px; }\r\n    .mauticform-error { margin-bottom: 10px; color: red; }\r\n    .mauticform-message { margin-bottom: 10px;color: green; }\r\n    .mauticform-row { display: block; margin-bottom: 20px; }\r\n    .mauticform-label { font-size: 1.1em; display: block; font-weight: bold; margin-bottom: 5px; }\r\n    .mauticform-row.mauticform-required .mauticform-label:after { color: #e32; content: \" *\"; display: inline; }\r\n    .mauticform-helpmessage { display: block; font-size: 0.9em; margin-bottom: 3px; }\r\n    .mauticform-errormsg { display: block; color: red; margin-top: 2px; }\r\n    .mauticform-selectbox, .mauticform-input, .mauticform-textarea { width: 100%; padding: 0.5em 0.5em; border: 1px solid #CCC; background: #fff; box-shadow: 0px 0px 0px #fff inset; box-sizing: border-box; }\r\n    .mauticform-checkboxgrp-row {}\r\n    .mauticform-checkboxgrp-label { font-weight: normal; }\r\n    .mauticform-checkboxgrp-checkbox {}\r\n    .mauticform-radiogrp-row {}\r\n    .mauticform-radiogrp-label { font-weight: normal; }\r\n    .mauticform-radiogrp-radio {}\r\n    .mauticform-button-wrapper .mauticform-button.btn-default { color: #fff;background-color: #4dbfbf;border-color: #4dbfbf;}\r\n    .mauticform-button-wrapper .mauticform-button { display: inline-block;margin-bottom: 0;font-weight: 600;text-align: center;vertical-align: middle;cursor: pointer;background-image: none;border: 1px solid transparent;white-space: nowrap;padding: 8px 16px;font-size: 18px;line-height: 1.3856;-webkit-user-select: none;-moz-user-select: none;-ms-user-select: none;user-select: none;}\r\n    .mauticform-button-wrapper .mauticform-button.btn-default[disabled] { background-color: #ffffff; border-color: #dddddd;}\r\n<\/style>\r\n\r\n<div id=\"mauticform_wrapper_fundodefunilctas\" class=\"mauticform_wrapper\">\r\n    <form autocomplete=\"false\" role=\"form\" method=\"post\" action=\"http:\/\/marketing.lelisambiental.com.br\/form\/submit?formId=2\" id=\"mauticform_fundodefunilctas\" data-mautic-form=\"fundodefunilctas\" enctype=\"multipart\/form-data\">\r\n        <div class=\"mauticform-error\" id=\"mauticform_fundodefunilctas_error\"><\/div>\r\n        <div class=\"mauticform-message\" id=\"mauticform_fundodefunilctas_message\"><\/div>\r\n        <div class=\"mauticform-innerform\">\r\n\r\n            \r\n          <div class=\"mauticform-page-wrapper mauticform-page-1\" data-mautic-form-page=\"1\">\r\n\r\n            <div id=\"mauticform_fundodefunilctas_nome\" data-validate=\"nome\" data-validation-type=\"text\" class=\"mauticform-row mauticform-text mauticform-field-1 mauticform-required\">\r\n                <input id=\"mauticform_input_fundodefunilctas_nome\" name=\"mauticform[nome]\" value=\"\" placeholder=\"Nome\" class=\"mauticform-input\" type=\"text\">\r\n                <span class=\"mauticform-errormsg\" style=\"display: none;\">Isso \u00e9 obrigat\u00f3rio.<\/span>\r\n            <\/div>\r\n\r\n            <div id=\"mauticform_fundodefunilctas_email\" data-validate=\"email\" data-validation-type=\"email\" class=\"mauticform-row mauticform-email mauticform-field-2 mauticform-required\">\r\n                <input id=\"mauticform_input_fundodefunilctas_email\" name=\"mauticform[email]\" value=\"\" placeholder=\"E-mail\" class=\"mauticform-input\" type=\"email\">\r\n                <span class=\"mauticform-errormsg\" style=\"display: none;\">Isso \u00e9 obrigat\u00f3rio.<\/span>\r\n            <\/div>\r\n\r\n            <div id=\"mauticform_fundodefunilctas_telefone_ou_whatsapp\" data-validate=\"telefone_ou_whatsapp\" data-validation-type=\"tel\" class=\"mauticform-row mauticform-tel mauticform-field-3 mauticform-required\">\r\n                <input id=\"mauticform_input_fundodefunilctas_telefone_ou_whatsapp\" name=\"mauticform[telefone_ou_whatsapp]\" value=\"\" placeholder=\"Telefone ou WhatsApp\" class=\"mauticform-input\" type=\"tel\">\r\n                <span class=\"mauticform-errormsg\" style=\"display: none;\">Isso \u00e9 obrigat\u00f3rio.<\/span>\r\n            <\/div>\r\n\r\n            <div id=\"mauticform_fundodefunilctas_possui_cnpj\" data-validate=\"possui_cnpj\" data-validation-type=\"select\" class=\"mauticform-row mauticform-select mauticform-field-4 mauticform-required\">\r\n                <select id=\"mauticform_input_fundodefunilctas_possui_cnpj\" name=\"mauticform[possui_cnpj]\" value=\"\" class=\"mauticform-selectbox\">\r\n                    <option value=\"\">Possui CNPJ?<\/option>                    <option value=\"Sim\">Sim<\/option>                    <option value=\"N\u00e3o\">N\u00e3o<\/option>\r\n                <\/select>\r\n                <span class=\"mauticform-errormsg\" style=\"display: none;\">Isso \u00e9 obrigat\u00f3rio.<\/span>\r\n            <\/div>\r\n\r\n            <div id=\"mauticform_fundodefunilctas_cargo\" data-validate=\"cargo\" data-validation-type=\"select\" class=\"mauticform-row mauticform-select mauticform-field-5 mauticform-required\">\r\n                <select id=\"mauticform_input_fundodefunilctas_cargo\" name=\"mauticform[cargo]\" value=\"\" class=\"mauticform-selectbox\">\r\n                    <option value=\"\">Cargo<\/option>                    <option value=\"Diretor\">Diretor<\/option>                    <option value=\"Comprador\">Comprador<\/option>                    <option value=\"Sou do RH\">Sou do RH<\/option>                    <option value=\"T\u00e9cnico de Seguran\u00e7a do Trabalho\">T\u00e9cnico de Seguran\u00e7a do Trabalho<\/option>                    <option value=\"Engenheiro ou Analista Ambiental\">Engenheiro ou Analista Ambiental<\/option>                    <option value=\"Outros\">Outros<\/option>\r\n                <\/select>\r\n                <span class=\"mauticform-errormsg\" style=\"display: none;\">Isso \u00e9 obrigat\u00f3rio.<\/span>\r\n            <\/div>\r\n\r\n            <div id=\"mauticform_fundodefunilctas_quanto_e_105\" data-validate=\"quanto_e_105\" data-validation-type=\"captcha\" class=\"mauticform-row mauticform-text mauticform-field-6 mauticform-required\">\r\n                <label id=\"mauticform_label_fundodefunilctas_quanto_e_105\" for=\"mauticform_input_fundodefunilctas_quanto_e_105\" class=\"mauticform-label\">Quanto \u00e9 10+5?<\/label>\r\n                <input id=\"mauticform_input_fundodefunilctas_quanto_e_105\" name=\"mauticform[quanto_e_105]\" value=\"\" placeholder=\"Quanto \u00e9 10+5?\" class=\"mauticform-input\" type=\"text\">\r\n                <span class=\"mauticform-errormsg\" style=\"display: none;\">Isso \u00e9 obrigat\u00f3rio.<\/span>\r\n            <\/div>\r\n\r\n            <div id=\"mauticform_fundodefunilctas_falar_com_a_lelis\" class=\"mauticform-row mauticform-button-wrapper mauticform-field-7\">\r\n                <button type=\"submit\" name=\"mauticform[falar_com_a_lelis]\" id=\"mauticform_input_fundodefunilctas_falar_com_a_lelis\" value=\"\" style=\"background:#ff6600 !important; border-color:#ff6600 !important; margin-left:195px !important;\" class=\"mauticform-button\">FALAR COM A LELIS<\/button>\r\n            <\/div>\r\n            <\/div>\r\n        <\/div>\r\n\r\n        <input type=\"hidden\" name=\"mauticform[formId]\" id=\"mauticform_fundodefunilctas_id\" value=\"2\">\r\n        <input type=\"hidden\" name=\"mauticform[return]\" id=\"mauticform_fundodefunilctas_return\" value=\"\">\r\n        <input type=\"hidden\" name=\"mauticform[formName]\" id=\"mauticform_fundodefunilctas_name\" value=\"fundodefunilctas\">\r\n\r\n        <\/form>\r\n<\/div>\r\n\t\t<\/div>\n\t\t\t\t<\/div>\n\t\t\t\t\t\t<\/div>\n\t\t\t\t\t<\/div>\n\t\t<\/div>\n\t\t\t\t\t\t\t\t<\/div>\n\t\t\t\t\t<\/div>\n\t\t<\/section>\n\t\t\t\t\t\t<\/div>\n\t\t\t\t\t\t<\/div>\n\t\t\t\t\t<\/div>\n\t\t","protected":false},"excerpt":{"rendered":"<p>Alvar\u00e1 de Funcionamento \u00e9 um documento obrigat\u00f3rio para todo o tipo de empresa, seja ela iniciante ou mesmo que j\u00e1 &#8230; <a title=\"Alvar\u00e1 de Funcionamento: tudo o que \u00e9 necess\u00e1rio saber\" class=\"read-more\" href=\"https:\/\/www.lelisambiental.com.br\/blog\/index.php\/alvara-de-funcionamento\/\">Leia mais<\/a><\/p>\n","protected":false},"author":1,"featured_media":155,"comment_status":"open","ping_status":"open","sticky":false,"template":"","format":"standard","meta":[],"categories":[7],"tags":[6],"yoast_head":"<!-- This site is optimized with the Yoast SEO plugin v15.9.1 - https:\/\/yoast.com\/wordpress\/plugins\/seo\/ -->\r\n<title>Alvar\u00e1 de Funcionamento: tudo o que \u00e9 necess\u00e1rio saber<\/title>\r\n<meta name=\"description\" content=\"Alvar\u00e1 de funcionamento costuma ser um problema para muitos empres\u00e1rios, entretanto, a solu\u00e7\u00e3o pode estar mais pr\u00f3xima do que se imagina. Confira a seguir.\" \/>\r\n<meta name=\"robots\" content=\"index, follow, max-snippet:-1, max-image-preview:large, max-video-preview:-1\" \/>\r\n<link rel=\"canonical\" href=\"https:\/\/www.lelisambiental.com.br\/blog\/index.php\/alvara-de-funcionamento\/\" \/>\r\n<meta property=\"og:locale\" content=\"pt_BR\" \/>\r\n<meta property=\"og:type\" content=\"article\" \/>\r\n<meta property=\"og:title\" content=\"Alvar\u00e1 de Funcionamento: tudo o que \u00e9 necess\u00e1rio saber\" \/>\r\n<meta property=\"og:description\" content=\"Alvar\u00e1 de funcionamento costuma ser um problema para muitos empres\u00e1rios, entretanto, a solu\u00e7\u00e3o pode estar mais pr\u00f3xima do que se imagina. Confira a seguir.\" \/>\r\n<meta property=\"og:url\" content=\"https:\/\/www.lelisambiental.com.br\/blog\/index.php\/alvara-de-funcionamento\/\" \/>\r\n<meta property=\"og:site_name\" content=\"Lelis Ambiental\" \/>\r\n<meta property=\"article:published_time\" content=\"2020-10-16T18:24:00+00:00\" \/>\r\n<meta property=\"article:modified_time\" content=\"2020-12-01T18:36:07+00:00\" \/>\r\n<meta property=\"og:image\" content=\"https:\/\/www.lelisambiental.com.br\/blog\/wp-content\/uploads\/2020\/10\/AdobeStock_353287781-scaled.jpeg\" \/>\r\n\t<meta property=\"og:image:width\" content=\"2560\" \/>\r\n\t<meta property=\"og:image:height\" content=\"1598\" \/>\r\n<meta name=\"twitter:card\" content=\"summary_large_image\" \/>\r\n<meta name=\"twitter:label1\" content=\"Est. reading time\">\n\t<meta name=\"twitter:data1\" content=\"6 minutos\">\r\n<script type=\"application\/ld+json\" class=\"yoast-schema-graph\">{\"@context\":\"https:\/\/schema.org\",\"@graph\":[{\"@type\":\"WebSite\",\"@id\":\"https:\/\/www.lelisambiental.com.br\/blog\/#website\",\"url\":\"https:\/\/www.lelisambiental.com.br\/blog\/\",\"name\":\"Lelis Ambiental\",\"description\":\"Consultoria e Treinamentos\",\"potentialAction\":[{\"@type\":\"SearchAction\",\"target\":\"https:\/\/www.lelisambiental.com.br\/blog\/?s={search_term_string}\",\"query-input\":\"required name=search_term_string\"}],\"inLanguage\":\"pt-BR\"},{\"@type\":\"ImageObject\",\"@id\":\"https:\/\/www.lelisambiental.com.br\/blog\/index.php\/alvara-de-funcionamento\/#primaryimage\",\"inLanguage\":\"pt-BR\",\"url\":\"https:\/\/www.lelisambiental.com.br\/blog\/wp-content\/uploads\/2020\/10\/AdobeStock_353287781-scaled.jpeg\",\"width\":2560,\"height\":1598,\"caption\":\"Side view of two engineers consulting on their project with mock-up tablet and paperwork on white table in meeting room\"},{\"@type\":\"WebPage\",\"@id\":\"https:\/\/www.lelisambiental.com.br\/blog\/index.php\/alvara-de-funcionamento\/#webpage\",\"url\":\"https:\/\/www.lelisambiental.com.br\/blog\/index.php\/alvara-de-funcionamento\/\",\"name\":\"Alvar\\u00e1 de Funcionamento: tudo o que \\u00e9 necess\\u00e1rio saber\",\"isPartOf\":{\"@id\":\"https:\/\/www.lelisambiental.com.br\/blog\/#website\"},\"primaryImageOfPage\":{\"@id\":\"https:\/\/www.lelisambiental.com.br\/blog\/index.php\/alvara-de-funcionamento\/#primaryimage\"},\"datePublished\":\"2020-10-16T18:24:00+00:00\",\"dateModified\":\"2020-12-01T18:36:07+00:00\",\"author\":{\"@id\":\"https:\/\/www.lelisambiental.com.br\/blog\/#\/schema\/person\/c3596dfe1b4055b9faed55c4b1bd92c5\"},\"description\":\"Alvar\\u00e1 de funcionamento costuma ser um problema para muitos empres\\u00e1rios, entretanto, a solu\\u00e7\\u00e3o pode estar mais pr\\u00f3xima do que se imagina. Confira a seguir.\",\"breadcrumb\":{\"@id\":\"https:\/\/www.lelisambiental.com.br\/blog\/index.php\/alvara-de-funcionamento\/#breadcrumb\"},\"inLanguage\":\"pt-BR\",\"potentialAction\":[{\"@type\":\"ReadAction\",\"target\":[\"https:\/\/www.lelisambiental.com.br\/blog\/index.php\/alvara-de-funcionamento\/\"]}]},{\"@type\":\"BreadcrumbList\",\"@id\":\"https:\/\/www.lelisambiental.com.br\/blog\/index.php\/alvara-de-funcionamento\/#breadcrumb\",\"itemListElement\":[{\"@type\":\"ListItem\",\"position\":1,\"item\":{\"@type\":\"WebPage\",\"@id\":\"https:\/\/www.lelisambiental.com.br\/blog\/\",\"url\":\"https:\/\/www.lelisambiental.com.br\/blog\/\",\"name\":\"In\\u00edcio\"}},{\"@type\":\"ListItem\",\"position\":2,\"item\":{\"@type\":\"WebPage\",\"@id\":\"https:\/\/www.lelisambiental.com.br\/blog\/index.php\/alvara-de-funcionamento\/\",\"url\":\"https:\/\/www.lelisambiental.com.br\/blog\/index.php\/alvara-de-funcionamento\/\",\"name\":\"Alvar\\u00e1 de Funcionamento: tudo o que \\u00e9 necess\\u00e1rio saber\"}}]},{\"@type\":\"Person\",\"@id\":\"https:\/\/www.lelisambiental.com.br\/blog\/#\/schema\/person\/c3596dfe1b4055b9faed55c4b1bd92c5\",\"name\":\"Lelis Ambiental\",\"image\":{\"@type\":\"ImageObject\",\"@id\":\"https:\/\/www.lelisambiental.com.br\/blog\/#personlogo\",\"inLanguage\":\"pt-BR\",\"url\":\"https:\/\/secure.gravatar.com\/avatar\/94ac61938e4623d25801c2f668ddf3d6?s=96&d=mm&r=g\",\"caption\":\"Lelis Ambiental\"},\"sameAs\":[\"http:\/\/lelisambiental.com.br\/blog\"]}]}<\/script>\r\n<!-- \/ Yoast SEO plugin. -->","amp_validity":null,"amp_enabled":true,"_links":{"self":[{"href":"https:\/\/www.lelisambiental.com.br\/blog\/index.php\/wp-json\/wp\/v2\/posts\/134"}],"collection":[{"href":"https:\/\/www.lelisambiental.com.br\/blog\/index.php\/wp-json\/wp\/v2\/posts"}],"about":[{"href":"https:\/\/www.lelisambiental.com.br\/blog\/index.php\/wp-json\/wp\/v2\/types\/post"}],"author":[{"embeddable":true,"href":"https:\/\/www.lelisambiental.com.br\/blog\/index.php\/wp-json\/wp\/v2\/users\/1"}],"replies":[{"embeddable":true,"href":"https:\/\/www.lelisambiental.com.br\/blog\/index.php\/wp-json\/wp\/v2\/comments?post=134"}],"version-history":[{"count":10,"href":"https:\/\/www.lelisambiental.com.br\/blog\/index.php\/wp-json\/wp\/v2\/posts\/134\/revisions"}],"predecessor-version":[{"id":428,"href":"https:\/\/www.lelisambiental.com.br\/blog\/index.php\/wp-json\/wp\/v2\/posts\/134\/revisions\/428"}],"wp:featuredmedia":[{"embeddable":true,"href":"https:\/\/www.lelisambiental.com.br\/blog\/index.php\/wp-json\/wp\/v2\/media\/155"}],"wp:attachment":[{"href":"https:\/\/www.lelisambiental.com.br\/blog\/index.php\/wp-json\/wp\/v2\/media?parent=134"}],"wp:term":[{"taxonomy":"category","embeddable":true,"href":"https:\/\/www.lelisambiental.com.br\/blog\/index.php\/wp-json\/wp\/v2\/categories?post=134"},{"taxonomy":"post_tag","embeddable":true,"href":"https:\/\/www.lelisambiental.com.br\/blog\/index.php\/wp-json\/wp\/v2\/tags?post=134"}],"curies":[{"name":"wp","href":"https:\/\/api.w.org\/{rel}","templated":true}]}}